{"id":2902,"date":"2020-06-04T18:11:02","date_gmt":"2020-06-04T16:11:02","guid":{"rendered":"https:\/\/www.sym-com.com\/?p=2902"},"modified":"2022-08-09T10:01:24","modified_gmt":"2022-08-09T08:01:24","slug":"wie-worte-wirken-merkels-und-ruttes-krisenkommunikation-unter-der-interkulturellen-lupe","status":"publish","type":"post","link":"https:\/\/www.sym-com.com\/nl\/wie-worte-wirken-merkels-und-ruttes-krisenkommunikation-unter-der-interkulturellen-lupe\/","title":{"rendered":"Wie Worte wirken \u2013 Merkels und Ruttes Krisenkommunikation unter der interkulturellen Lupe"},"content":{"rendered":"<p>Es gibt einen neuen Stra\u00dfenfeger: die Pressekonferenzen von Merkel und Rutte zu den Corona-Entwicklungen. Okay, der Fu\u00dfball rollte nicht, das war nat\u00fcrlich hilfreich ? Dennoch sto\u00dfen diese Pressekonferenzen sowohl in Deutschland als auch in den Niederlanden auf gewaltiges Interesse. Logisch, denn das Bed\u00fcrfnis nach Klarheit ist in Corona-Zeiten riesig.<\/p>\n<p>Allerdings gibt es einen Unterschied in der Art und Weise, wie Merkel und Rutte kommunizieren. Welche Worte nutzen sie? Auf welche Weise erreichen sie die Menschen? Und was k\u00f6nnen deutsche und niederl\u00e4ndische Organisationen und Unternehmen daraus lernen? Schaut man sich Pressekonferenzen von Merkel und Rutte an, so zeigt sich: Zwischen Merkels und Ruttes Krisenkommunikation liegen Welten. Eine Analyse von Ingeborg Lindhoud.<!--more weiterlesen--><\/p>\n<h2>Raum f\u00fcr Interpretation<\/h2>\n<p><img fetchpriority=\"high\" decoding=\"async\" class=\"size-full wp-image-2901 alignleft\" src=\"https:\/\/www.sym-com.com\/wp-content\/uploads\/2020\/06\/rutte_pixabay_ErikSmit_380x240.jpg\" alt=\"Mark Rutte\" width=\"380\" height=\"240\" srcset=\"https:\/\/www.sym-com.com\/wp-content\/uploads\/2020\/06\/rutte_pixabay_ErikSmit_380x240.jpg 380w, https:\/\/www.sym-com.com\/wp-content\/uploads\/2020\/06\/rutte_pixabay_ErikSmit_380x240-300x189.jpg 300w\" sizes=\"(max-width: 380px) 100vw, 380px\" \/>\u201eEin eindringlicher Appell\u201c, \u201eeine dringende Empfehlung\u201c, \u201ees w\u00e4re vielleicht vern\u00fcnftig, darauf [auf Kontakt] zu verzichten\u201c. Es ist der 12. M\u00e4rz, der Tag, an dem der niederl\u00e4ndische Ministerpr\u00e4sident Rutte die ersten strengeren Ma\u00dfnahmen und Kontaktbeschr\u00e4nkungen ank\u00fcndigt. Oder besser gesagt: er \u00fcberl\u00e4sst dies Gesundheitsminister Bruins. Anschlie\u00dfend \u00e4u\u00dfert sich Rutte und verpackt seine Worte so, wie Niederl\u00e4nder sie gerne h\u00f6ren: Er gibt Ratschl\u00e4ge, er appelliert an die Vernunft der niederl\u00e4ndischen B\u00fcrger und an die Selbstdisziplin. Es gibt konkrete Ma\u00dfnahmen, wie in allen anderen L\u00e4ndern, und es gibt Empfehlungen. Viele Empfehlungen, die Raum f\u00fcr Interpretation lassen und an die Mitverantwortung der B\u00fcrger appellieren: \u201eTreffen von \u00fcber 100 Personen wollen wir eigentlich nicht mehr sehen. Das gilt dann auch f\u00fcr unterschiedliche Organisationen. Wie diese damit umgehen, werde ich jetzt nicht bis ins letzte Detail festlegen. Das k\u00f6nnen sie bestimmt selbst.\u201c<\/p>\n<p>Szenenwechsel. 4 Tage sp\u00e4ter, Pressekonferenz von Bundeskanzlerin Merkel zu Ma\u00dfnahmen der Bundesregierung im Zusammenhang mit dem Coronavirus. Sie k\u00fcndigt \u201eeinschneidende Ma\u00dfnahmen\u201c an und erg\u00e4nzt: \u201eWeil diese Ma\u00dfnahmen so besonders sind, m\u00f6chte ich sie hier einmal im Detail vortragen.\u201c Neben ihr kein Gesundheitsminister, an den sie diese Aufgabe delegiert \u2013 das \u00fcbernimmt sie selbst. W\u00e4hrend der anschlie\u00dfenden Fragerunde macht sie klar, dass sie auf \u201eein gewisses Einsehen der Menschen\u201c hofft. Gleichzeitig betont sie jedoch, dass es Kontrollen geben wird. \u201eDas muss sein. Das ist dann Ordnungsrecht\u201c.<\/p>\n<p>Viel pr\u00e4gnanter kann man die Unterschiede in der Krisenkommunikation nicht auf den Punkt bringen. Werden auf der einen Seite der Grenze die Z\u00fcgel auch in der Wortwahl relativ lockergelassen, werden diese auf der anderen Seite deutlich straffer angezogen. Und noch etwas f\u00e4llt auf: W\u00e4hrend Merkel nur eine Pressekonferenz, am 11. M\u00e4rz, zusammen mit ihrem Gesundheitsminister und RKI-Chef Wieler gehalten hat, trat Rutte seit Anfang M\u00e4rz bereits 13 Mal zusammen mit seinem Gesundheitsminister oder dem Direktor der Gesundheitsbeh\u00f6rde RIVM (das Pendant zum Robert-Koch-Institut) vor die Kamera.<\/p>\n<h2>Fachwissen oder delegieren?<\/h2>\n<p>Sogar in Krisenzeiten bleiben Niederl\u00e4nder und Deutsche ihrem Managementstil treu und delegieren (auf niederl\u00e4ndischer Seite) bzw. kommunizieren top-down (auf deutscher Seite). Damit entsprechen sie genau dem, was beiderseits der Grenze jeweils von einer F\u00fchrungskraft erwartet wird.<\/p>\n<p><img decoding=\"async\" class=\"alignnone size-full wp-image-2899\" src=\"https:\/\/www.sym-com.com\/wp-content\/uploads\/2020\/06\/Fachkompetenz-als-Schl\u00fcssel-f\u00fcr-Zuverl\u00e4ssigkeit.jpg\" alt=\"Fachkompetenz_Management\" width=\"1280\" height=\"720\" srcset=\"https:\/\/www.sym-com.com\/wp-content\/uploads\/2020\/06\/Fachkompetenz-als-Schl\u00fcssel-f\u00fcr-Zuverl\u00e4ssigkeit.jpg 1280w, https:\/\/www.sym-com.com\/wp-content\/uploads\/2020\/06\/Fachkompetenz-als-Schl\u00fcssel-f\u00fcr-Zuverl\u00e4ssigkeit-600x338.jpg 600w, https:\/\/www.sym-com.com\/wp-content\/uploads\/2020\/06\/Fachkompetenz-als-Schl\u00fcssel-f\u00fcr-Zuverl\u00e4ssigkeit-300x169.jpg 300w, https:\/\/www.sym-com.com\/wp-content\/uploads\/2020\/06\/Fachkompetenz-als-Schl\u00fcssel-f\u00fcr-Zuverl\u00e4ssigkeit-1024x576.jpg 1024w, https:\/\/www.sym-com.com\/wp-content\/uploads\/2020\/06\/Fachkompetenz-als-Schl\u00fcssel-f\u00fcr-Zuverl\u00e4ssigkeit-768x432.jpg 768w, https:\/\/www.sym-com.com\/wp-content\/uploads\/2020\/06\/Fachkompetenz-als-Schl\u00fcssel-f\u00fcr-Zuverl\u00e4ssigkeit-978x550.jpg 978w, https:\/\/www.sym-com.com\/wp-content\/uploads\/2020\/06\/Fachkompetenz-als-Schl\u00fcssel-f\u00fcr-Zuverl\u00e4ssigkeit-1060x596.jpg 1060w, https:\/\/www.sym-com.com\/wp-content\/uploads\/2020\/06\/Fachkompetenz-als-Schl\u00fcssel-f\u00fcr-Zuverl\u00e4ssigkeit-550x309.jpg 550w, https:\/\/www.sym-com.com\/wp-content\/uploads\/2020\/06\/Fachkompetenz-als-Schl\u00fcssel-f\u00fcr-Zuverl\u00e4ssigkeit-889x500.jpg 889w\" sizes=\"(max-width: 1280px) 100vw, 1280px\" \/>Aus einer Managementuntersuchung geht hervor, dass 46 % der befragten Deutschen von ihren F\u00fchrungskr\u00e4ften Fachkompetenz erwarten. In den Niederlanden gilt dies lediglich f\u00fcr 17 %. Sowohl Mark Rutte als auch Angela Merkel bedienen diese Erwartungen \u2013 und schaffen hiermit Vertrauen.<\/p>\n<p>Rutte gibt offen zu, dass er kein Experte ist, sondern dass alle Entscheidungen in Absprache mit dem OMT (Outbreak Management Team) getroffen werden. Wenn er diese Entscheidungen kommuniziert, tut er das h\u00e4ufig gemeinsam mit den OMT-Fachleuten. Von ihm erwarten die Niederl\u00e4nder andere F\u00fchrungsqualit\u00e4ten: koordinieren, zusammenhalten, kommunizieren und delegieren. An die zust\u00e4ndigen Minister. An die Experten. Und an 17 Millionen Niederl\u00e4nder, so wie er in jeder Pressekonferenz betont.<\/p>\n<h2>Glaubw\u00fcrdigkeitsbonus<\/h2>\n<p>Merkel hingegen erh\u00f6ht ihre Glaubw\u00fcrdigkeit, indem sie zwar immer wieder betont, die Entscheidungen \u201egemeinsam mit den Ministerpr\u00e4sidenten\u201c (u.a. Pressekonferenz vom 20.04.2020) beschlossen zu haben, diese jedoch allein verk\u00fcndet. Das verlangt ihre Position in der Hierarchie \u2013 in normalen Zeiten und erst recht in Krisenzeiten.<\/p>\n<p><img decoding=\"async\" class=\"size-full wp-image-2900 alignleft\" src=\"https:\/\/www.sym-com.com\/wp-content\/uploads\/2020\/06\/merkel_pixabay_geralt_380x240.jpg\" alt=\"Angela Merkel\" width=\"380\" height=\"240\" srcset=\"https:\/\/www.sym-com.com\/wp-content\/uploads\/2020\/06\/merkel_pixabay_geralt_380x240.jpg 380w, https:\/\/www.sym-com.com\/wp-content\/uploads\/2020\/06\/merkel_pixabay_geralt_380x240-300x189.jpg 300w\" sizes=\"(max-width: 380px) 100vw, 380px\" \/>Dabei hat sie es, wenn es um die Sache geht, als Naturwissenschaftlerin nat\u00fcrlich deutlich leichter als der Historiker Rutte. Ihre rationale, n\u00fcchterne Art und ihr Hintergrundwissen geben ihr, wie kaum einem anderen Regierungsleiter, einen Vertrauensvorschuss. Wer immer noch nicht ganz verstanden hat, welchen Einfluss die Reproduktionszahl hat, sollte sich Merkels spontane <a href=\"https:\/\/twitter.com\/BenjAlvarez1\/status\/1250563198081740800\" target=\"_blank\" rel=\"noopener noreferrer\">Erkl\u00e4rung<\/a> w\u00e4hrend der Pressekonferenz vom 16. April einmal anschauen. Eins kann ich Ihnen sagen: h\u00e4tte ich eine solche Mathelehrerin gehabt, h\u00e4tte ich bestimmt bessere Noten geschrieben!<\/p>\n<h2>Teuflische Dilemmas<\/h2>\n<p>\u201eWir stehen vor teuflischen Dilemmas. Und damit habe ich in den vergangenen Tagen selbst auch schwer gek\u00e4mpft,\u201c so Mark Rutte in seiner Pressekonferenz am 21. April. Ein Kampf, an dem er die Zuh\u00f6rer teilhaben l\u00e4sst mit Worten, die Emotionen durchklingen lassen. Er \u201ew\u00fcrde liebend gerne sagen, dass viel mehr m\u00f6glich w\u00e4re, aber das sei auch be\u00e4ngstigend und gef\u00e4hrlich.\u201c Mit Zahlen, Daten, Fakten oder abstrakten Begriffen erreicht holt man Niederl\u00e4nder nicht ab. Um sie von der Notwendigkeit der Ma\u00dfnahmen zu \u00fcberzeugen, setzt Rutte auf Alltagssprache und Emotionen. Und zeigt sich damit ganz nebenbei von seiner menschlichen, normalen Seite, so wie die Niederl\u00e4nder das gerne sehen.<\/p>\n<p>Die menschliche Seite ist auch Angela Merkel nicht fremd. \u201eIch wei\u00df ja um die Not vieler Menschen. Ich wei\u00df um die Not von Eltern und Kindern, um die Not gerade auch von Alleinerziehenden\u201c, hei\u00dft es in ihrer Pressekonferenz am 20. April. Au\u00dferdem betont sie, wie schwer es ihr f\u00e4llt, Menschen ihre Freiheit zu nehmen \u2013 ihr DDR-Hintergrund macht glaubhaft, dass dies keine leeren Floskeln sind. Ihre Worte sind an dem Tag jedoch eher mahnend als Zeuge eines emotionalen inneren Kampfs. \u201eWir d\u00fcrfen uns keine Sekunde in Sicherheit wiegen\u201c, hei\u00dft es am Anfang dieser Pressekonferenz. Etwas weiter \u201ewir m\u00fcssen wachsam und diszipliniert bleiben\u201c oder an einer anderen Stelle \u201ekonsequent und diszipliniert\u201c.<\/p>\n<p>Ihre Worte entsprechen ihrer n\u00fcchternen Art und dem deutschen Hang zur Vorsicht und regelkonformem Verhalten. Ihre Sprache ist die Sprache der \u201epr\u00e4zisen\u201c bzw. der \u201eakribischen R\u00fcckverfolgung\u201c, der \u201eKontaktpersonennachverfolgung\u201c und der \u201e\u00d6ffnungsdiskussionsorgie\u201c. Keine Begriffe, die Emotionen hervorrufen \u2013 au\u00dfer vielleicht dem letzten ? \u2013, sondern die funktionell sind und damit dem sachlichen deutschen Kommunikationsstil entsprechen. Und Merkels Sprachgebrauch tut noch etwas: Mit ihrer Wortwahl best\u00e4tigt sie ihren Status und beweist, dass sie die Materie beherrscht und Thema und Zuh\u00f6rer ernst nimmt.<\/p>\n<h2>Worte, die wirken<\/h2>\n<p>Umfragen belegen: Das Vertrauen der niederl\u00e4ndischen Bev\u00f6lkerung in Ruttes Krisenmanagement bzw. der deutschen Bev\u00f6lkerung in Merkels Krisenpolitik ist gro\u00df. Jeder schafft das auf seine Weise \u2013 die im anderen Land nicht funktionieren w\u00fcrde. Die Unterschiede liegen in der Art und Weise, wie die Regierungsleiter sprachliche Sicherheit geben, also ihr Krisenmanagement kommunizieren. Was k\u00f6nnen grenz\u00fcberschreitend t\u00e4tige Unternehmen und Organisationen daraus lernen, nicht nur f\u00fcr ihre Krisenkommunikation, sondern auch f\u00fcr Ver\u00e4nderungsprojekte?<\/p>\n<h3>Tipps f\u00fcr Deutsche:<\/h3>\n<ul>\n<li>Verwenden Sie Alltagssprache, die nah bei den Menschen ist.<\/li>\n<li>Verzichten Sie weitestgehend auf abstrakte Begriffe.<\/li>\n<li>Zeigen Sie sich von Ihrer menschlichen Seite.<\/li>\n<li>Erteilen Sie m\u00f6glichst wenig direkte Befehle, Gebote oder Verbote, sondern verpacken Sie diese in Empfehlungen und Ratschl\u00e4ge.<\/li>\n<li>Kommunizieren Sie als F\u00fchrungskraft Entscheidungen gemeinsam mit Ihren Experten oder Beratern.<\/li>\n<\/ul>\n<h3>Tipps f\u00fcr Niederl\u00e4nder:<\/h3>\n<ul>\n<li>Verwenden Sie eine faktenorientierte, funktionelle Sprache.<\/li>\n<li>Abstrakte Begriffe sind \u2013 im Rahmen \u2013 erlaubt und sogar erw\u00fcnscht.<\/li>\n<li>Zeigen Sie sich von ihrer rationalen und sachlichen Seite.<\/li>\n<li>Reden Sie Klartext und verzichten Sie auf \u201eWischiwaschi\u201c.<\/li>\n<li>Kommunizieren Sie als F\u00fchrungskraft Entscheidungen allein.<\/li>\n<\/ul>\n<h2>Den richtigen Ton treffen<\/h2>\n<p>Ihnen kommt die andere Art zu kommunizieren ungewohnt vor? Das kann ich gut verstehen. Schlie\u00dflich ticken Niederl\u00e4nder und Deutsche in diesem Punkt wirklich anders. Das f\u00fchlt sich erst einmal schr\u00e4g an!<\/p>\n<p>Gerade Kommunikation ist etwas, das sehr eng mit uns selbst und unserer Identit\u00e4t verwoben ist. Dennoch ist es f\u00fcr Sie, wenn Sie als F\u00fchrungskraft grenz\u00fcberschreitend t\u00e4tig sind, wichtig zu wissen, wie Sie in herausfordernden Situationen den richtigen Ton treffen. Damit Sie richtig reagieren und die Menschen mitnehmen.<\/p>\n<p>Sie brauchen dabei Unterst\u00fctzung? Nehmen Sie Kontakt mit mir auf, ich berate oder coache Sie gerne!<\/p>\n<div class=\"shariff shariff-align-flex-start shariff-widget-align-flex-start\" data-url=\"https%3A%2F%2Fwww.sym-com.com%2Fnl%2Fwie-worte-wirken-merkels-und-ruttes-krisenkommunikation-unter-der-interkulturellen-lupe%2F\" data-timestamp=\"1660039284\" data-backendurl=\"https:\/\/www.sym-com.com\/nl\/wp-json\/shariff\/v1\/share_counts?\"><ul class=\"shariff-buttons theme-white orientation-horizontal buttonsize-medium\"><li class=\"shariff-button xing shariff-nocustomcolor\" style=\"background-color:#29888a\"><a href=\"https:\/\/www.xing.com\/spi\/shares\/new?url=https%3A%2F%2Fwww.sym-com.com%2Fnl%2Fwie-worte-wirken-merkels-und-ruttes-krisenkommunikation-unter-der-interkulturellen-lupe%2F\" title=\"Delen op XING\" aria-label=\"Delen op XING\" role=\"button\" rel=\"noopener nofollow\" class=\"shariff-link\" style=\"; background-color:#126567; color:#126567\" target=\"_blank\"><span class=\"shariff-icon\" style=\"fill:#126567\"><svg width=\"32px\" height=\"20px\" xmlns=\"http:\/\/www.w3.org\/2000\/svg\" viewBox=\"0 0 25 32\"><path fill=\"#126567\" d=\"M10.7 11.9q-0.2 0.3-4.6 8.2-0.5 0.8-1.2 0.8h-4.3q-0.4 0-0.5-0.3t0-0.6l4.5-8q0 0 0 0l-2.9-5q-0.2-0.4 0-0.7 0.2-0.3 0.5-0.3h4.3q0.7 0 1.2 0.8zM25.1 0.4q0.2 0.3 0 0.7l-9.4 16.7 6 11q0.2 0.4 0 0.6-0.2 0.3-0.6 0.3h-4.3q-0.7 0-1.2-0.8l-6-11.1q0.3-0.6 9.5-16.8 0.4-0.8 1.2-0.8h4.3q0.4 0 0.5 0.3z\"\/><\/svg><\/span><span class=\"shariff-text\" style=\"color:#126567\">delen<\/span>&nbsp;<\/a><\/li><li class=\"shariff-button linkedin shariff-nocustomcolor\" style=\"background-color:#1488bf\"><a href=\"https:\/\/www.linkedin.com\/sharing\/share-offsite\/?url=https%3A%2F%2Fwww.sym-com.com%2Fnl%2Fwie-worte-wirken-merkels-und-ruttes-krisenkommunikation-unter-der-interkulturellen-lupe%2F\" title=\"Delen op LinkedIn\" aria-label=\"Delen op LinkedIn\" role=\"button\" rel=\"noopener nofollow\" class=\"shariff-link\" style=\"; background-color:#0077b5; color:#0077b5\" target=\"_blank\"><span class=\"shariff-icon\" style=\"fill:#0077b5\"><svg width=\"32px\" height=\"20px\" xmlns=\"http:\/\/www.w3.org\/2000\/svg\" viewBox=\"0 0 27 32\"><path fill=\"#0077b5\" d=\"M6.2 11.2v17.7h-5.9v-17.7h5.9zM6.6 5.7q0 1.3-0.9 2.2t-2.4 0.9h0q-1.5 0-2.4-0.9t-0.9-2.2 0.9-2.2 2.4-0.9 2.4 0.9 0.9 2.2zM27.4 18.7v10.1h-5.9v-9.5q0-1.9-0.7-2.9t-2.3-1.1q-1.1 0-1.9 0.6t-1.2 1.5q-0.2 0.5-0.2 1.4v9.9h-5.9q0-7.1 0-11.6t0-5.3l0-0.9h5.9v2.6h0q0.4-0.6 0.7-1t1-0.9 1.6-0.8 2-0.3q3 0 4.9 2t1.9 6z\"\/><\/svg><\/span><span class=\"shariff-text\" style=\"color:#0077b5\">delen<\/span>&nbsp;<\/a><\/li><li class=\"shariff-button mailto shariff-nocustomcolor\" style=\"background-color:#a8a8a8\"><a href=\"mailto:?body=https%3A%2F%2Fwww.sym-com.com%2Fnl%2Fwie-worte-wirken-merkels-und-ruttes-krisenkommunikation-unter-der-interkulturellen-lupe%2F&subject=Wie%20Worte%20wirken%20%E2%80%93%20Merkels%20und%20Ruttes%20Krisenkommunikation%20unter%20der%20interkulturellen%20Lupe\" title=\"Sturen via e-mail\" aria-label=\"Sturen via e-mail\" role=\"button\" rel=\"noopener nofollow\" class=\"shariff-link\" style=\"; background-color:#999; color:#999\"><span class=\"shariff-icon\" style=\"fill:#999\"><svg width=\"32px\" height=\"20px\" xmlns=\"http:\/\/www.w3.org\/2000\/svg\" viewBox=\"0 0 32 32\"><path fill=\"#999\" d=\"M32 12.7v14.2q0 1.2-0.8 2t-2 0.9h-26.3q-1.2 0-2-0.9t-0.8-2v-14.2q0.8 0.9 1.8 1.6 6.5 4.4 8.9 6.1 1 0.8 1.6 1.2t1.7 0.9 2 0.4h0.1q0.9 0 2-0.4t1.7-0.9 1.6-1.2q3-2.2 8.9-6.1 1-0.7 1.8-1.6zM32 7.4q0 1.4-0.9 2.7t-2.2 2.2q-6.7 4.7-8.4 5.8-0.2 0.1-0.7 0.5t-1 0.7-0.9 0.6-1.1 0.5-0.9 0.2h-0.1q-0.4 0-0.9-0.2t-1.1-0.5-0.9-0.6-1-0.7-0.7-0.5q-1.6-1.1-4.7-3.2t-3.6-2.6q-1.1-0.7-2.1-2t-1-2.5q0-1.4 0.7-2.3t2.1-0.9h26.3q1.2 0 2 0.8t0.9 2z\"\/><\/svg><\/span><span class=\"shariff-text\" style=\"color:#999\">e-mail<\/span>&nbsp;<\/a><\/li><\/ul><\/div>","protected":false},"excerpt":{"rendered":"<p>Es gibt einen neuen Stra\u00dfenfeger: die Pressekonferenzen von Merkel und Rutte zu den Corona-Entwicklungen. Okay, der Fu\u00dfball rollte nicht, das war nat\u00fcrlich hilfreich ? Dennoch sto\u00dfen diese Pressekonferenzen sowohl in Deutschland als auch in den Niederlanden auf gewaltiges Interesse. Logisch, denn das Bed\u00fcrfnis nach Klarheit ist in Corona-Zeiten riesig. Allerdings gibt es einen Unterschied in der Art und Weise, wie Merkel und Rutte kommunizieren. Welche&#8230; <\/p>\n<p class=\"more\"><a class=\"more-link\" href=\"https:\/\/www.sym-com.com\/nl\/wie-worte-wirken-merkels-und-ruttes-krisenkommunikation-unter-der-interkulturellen-lupe\/\">Verder lezen<\/a><\/p>","protected":false},"author":1,"featured_media":2646,"comment_status":"closed","ping_status":"open","sticky":false,"template":"","format":"standard","meta":{"episode_type":"","audio_file":"","cover_image":"","cover_image_id":"","duration":"","filesize":"","filesize_raw":"","date_recorded":"","explicit":"","block":"","itunes_episode_number":"","itunes_title":"","itunes_season_number":"","itunes_episode_type":"","footnotes":""},"categories":[6,8,7],"tags":[],"class_list":["post-2902","post","type-post","status-publish","format-standard","has-post-thumbnail","hentry","category-deutschland","category-kulturdifferenzen","category-niederlande","is-cat-link-line-before"],"aioseo_notices":[],"jetpack_featured_media_url":"https:\/\/www.sym-com.com\/wp-content\/uploads\/2019\/04\/Mikrophon_380x240.jpg","_links":{"self":[{"href":"https:\/\/www.sym-com.com\/nl\/wp-json\/wp\/v2\/posts\/2902","targetHints":{"allow":["GET"]}}],"collection":[{"href":"https:\/\/www.sym-com.com\/nl\/wp-json\/wp\/v2\/posts"}],"about":[{"href":"https:\/\/www.sym-com.com\/nl\/wp-json\/wp\/v2\/types\/post"}],"author":[{"embeddable":true,"href":"https:\/\/www.sym-com.com\/nl\/wp-json\/wp\/v2\/users\/1"}],"replies":[{"embeddable":true,"href":"https:\/\/www.sym-com.com\/nl\/wp-json\/wp\/v2\/comments?post=2902"}],"version-history":[{"count":11,"href":"https:\/\/www.sym-com.com\/nl\/wp-json\/wp\/v2\/posts\/2902\/revisions"}],"predecessor-version":[{"id":5387,"href":"https:\/\/www.sym-com.com\/nl\/wp-json\/wp\/v2\/posts\/2902\/revisions\/5387"}],"wp:featuredmedia":[{"embeddable":true,"href":"https:\/\/www.sym-com.com\/nl\/wp-json\/wp\/v2\/media\/2646"}],"wp:attachment":[{"href":"https:\/\/www.sym-com.com\/nl\/wp-json\/wp\/v2\/media?parent=2902"}],"wp:term":[{"taxonomy":"category","embeddable":true,"href":"https:\/\/www.sym-com.com\/nl\/wp-json\/wp\/v2\/categories?post=2902"},{"taxonomy":"post_tag","embeddable":true,"href":"https:\/\/www.sym-com.com\/nl\/wp-json\/wp\/v2\/tags?post=2902"}],"curies":[{"name":"wp","href":"https:\/\/api.w.org\/{rel}","templated":true}]}}